{"id":5576,"date":"2026-03-11T15:01:25","date_gmt":"2026-03-11T14:01:25","guid":{"rendered":"https:\/\/sportskarate.de\/?p=5576"},"modified":"2026-03-11T15:06:21","modified_gmt":"2026-03-11T14:06:21","slug":"julius-stecker-holt-die-goldmedaille-beim-chikara-cup-in-erfurt","status":"publish","type":"post","link":"https:\/\/sportskarate.de\/?p=5576","title":{"rendered":"Julius Stecker holt die Goldmedaille beim Chikara Cup in Erfurt"},"content":{"rendered":"<p><em><strong>Julius Stecker gewinnt in der Gewichtsklasse -38kg der Altersklasse U12 die Goldmedaille und sein Bruder Silas Stecker rundet das erfolgreiche Wochenende in Erfurt mit einem 3.Platz in der Gewichtsklasse -45kg der U14 Jungen ab.<\/strong><\/em><\/p>\n<p><strong>954 Sportler aus 133 Vereinen und 8 Nationen gingen am 07.M\u00e4rz 2026 in Erfurt in der Hartwig-Gauder Leichtathletikhalle an den Start.<\/strong><\/p>\n<p>Julius Stecker hatte einen sehr guten Tag erwischt und schlug in 5 Vorrundenk\u00e4mpfen seine Gegner.<br \/>\nIm Finale stand dem Youngster aus N\u00fcbbel der ebenfalls stark k\u00e4mpfende Erik Stegmann aus Weimar gegen\u00fcber.<br \/>\nMit sehr schnellen Fu\u00dftechniken und eine f\u00fcr das Alter bemerkenswerte Beweglichkeit, konnte Julius diese Begegnung mit 5:0 Punkten klar f\u00fcr sich entscheiden und errang den 1.Platz!<\/p>\n<p>Silas Stecker verlor ungl\u00fccklich seinen 4.Kampf in der Vorrunde gegen den sp\u00e4teren Erstplatzierten Jakob Anbergen aus Niedersachsen, k\u00e4mpfte allerdings in der Trostrunde um den 3.Platz dieser Kategorie.<br \/>\nGegen Julius Conrad aus Jena lies Silas aber keinen Zweifel aufkommen und besiegte den Th\u00fcringer mit 4:1 Punkten.<\/p>\n<p><strong>Herzlichen Gl\u00fcckwunsch den beiden Sportlern vom SSV N\u00fcbbel, die unter den Augen vom Bundestrainer, Swen Sattler, eine starke Leistung gezeigt haben.<\/strong><\/p>\n","protected":false},"excerpt":{"rendered":"<p>Julius Stecker gewinnt in der Gewichtsklasse -38kg der Altersklasse U12 die Goldmedaille und sein Bruder Silas Stecker rundet das erfolgreiche Wochenende in Erfurt mit einem 3.Platz in der Gewichtsklasse -45kg [&hellip;]<\/p>\n","protected":false},"author":1,"featured_media":0,"comment_status":"closed","ping_status":"closed","sticky":false,"template":"","format":"standard","meta":{"ngg_post_thumbnail":0,"footnotes":""},"categories":[1],"tags":[],"class_list":["post-5576","post","type-post","status-publish","format-standard","hentry","category-allgemein"],"_links":{"self":[{"href":"https:\/\/sportskarate.de\/index.php?rest_route=\/wp\/v2\/posts\/5576","targetHints":{"allow":["GET"]}}],"collection":[{"href":"https:\/\/sportskarate.de\/index.php?rest_route=\/wp\/v2\/posts"}],"about":[{"href":"https:\/\/sportskarate.de\/index.php?rest_route=\/wp\/v2\/types\/post"}],"author":[{"embeddable":true,"href":"https:\/\/sportskarate.de\/index.php?rest_route=\/wp\/v2\/users\/1"}],"replies":[{"embeddable":true,"href":"https:\/\/sportskarate.de\/index.php?rest_route=%2Fwp%2Fv2%2Fcomments&post=5576"}],"version-history":[{"count":3,"href":"https:\/\/sportskarate.de\/index.php?rest_route=\/wp\/v2\/posts\/5576\/revisions"}],"predecessor-version":[{"id":5579,"href":"https:\/\/sportskarate.de\/index.php?rest_route=\/wp\/v2\/posts\/5576\/revisions\/5579"}],"wp:attachment":[{"href":"https:\/\/sportskarate.de\/index.php?rest_route=%2Fwp%2Fv2%2Fmedia&parent=5576"}],"wp:term":[{"taxonomy":"category","embeddable":true,"href":"https:\/\/sportskarate.de\/index.php?rest_route=%2Fwp%2Fv2%2Fcategories&post=5576"},{"taxonomy":"post_tag","embeddable":true,"href":"https:\/\/sportskarate.de\/index.php?rest_route=%2Fwp%2Fv2%2Ftags&post=5576"}],"curies":[{"name":"wp","href":"https:\/\/api.w.org\/{rel}","templated":true}]}}